{"id":307,"date":"2017-12-19T10:31:00","date_gmt":"2017-12-19T10:31:00","guid":{"rendered":"http:\/\/tedwinatrim.com\/?p=307"},"modified":"2017-12-19T10:36:49","modified_gmt":"2017-12-19T10:36:49","slug":"cedeao-accord-dassociation-la-mauritanie-devra-encore-patienter","status":"publish","type":"post","link":"https:\/\/tedwinatrim.com\/?p=307","title":{"rendered":"CEDEAO \u2013 Accord d\u2019association : la Mauritanie devra encore patienter"},"content":{"rendered":"<p style=\"text-align: left;\">Tedwinatrim-Journal: Le Pr\u00e9sident Mohamed Ould Abdel Aziz a une nouvelle fois plaid\u00e9 pour la finalisation de l\u2019accord d\u2019Association entre la Mauritanie et la Communaut\u00e9 Economique des Etats d\u2019Afrique de l\u2019Ouest (CEDEAO), ce samedi 16 d\u00e9cembre 2017 \u00e0 Abuja.<!--more--><\/p>\n<p style=\"text-align: left;\">Invit\u00e9 \u00e0 participer \u00e0 la 52e session des Chefs d\u2019Etats et de gouvernements de la CEDEAO, Ould Abdel Aziz n\u2019a pas tari d\u2019\u00e9loges \u00e0 l\u2019endroit de ses pairs ouest africains. Mais le parach\u00e8vement de l\u2019accord n\u2019est pas pour toute de suite.<\/p>\n<p style=\"text-align: left;\">Depuis la signature de l\u2019accord d\u2019association, la diplomatie mauritanienne tape des pieds et des mains pour acc\u00e9l\u00e9rer le processus de validation et de mise en oeuvre de l\u2019accord. Ce fut le cas lors du 52e session des Chefs d\u2019Etats de gouvernements de la CEDEAO qui s\u2019est tenu \u00e0 Abuja.<\/p>\n<p style=\"text-align: left;\">Sur les 579 mots de son discours fait pour la circonstance, Ould Abdel Aziz a consacr\u00e9 pr\u00e8s de la moiti\u00e9 (278 mots) \u00e0 remercier les d\u00e9cideurs de l\u2019organisation sous r\u00e9gionale pour raviver la flamme \u00e9teinte il y\u2019a 17 ans.<\/p>\n<p style=\"text-align: left;\">Je tiens \u00e0 vous adresser, Excellences chefs d\u2019Etat et de gouvernement, les remerciements du peuple et du gouvernement mauritaniens pour votre d\u00e9cision unanime, en faveur de l\u2019\u00e9tablissement d\u2019un accord d\u2019association entre la CEDEAO et la R\u00e9publique Islamique de Mauritanie.<\/p>\n<p style=\"text-align: left;\">Le Pr\u00e9sident de la R\u00e9publique qui rappelle que la Mauritanie et les pays de la CEDEAO sont li\u00e9s, par la g\u00e9ographie et par des liens humains ind\u00e9fectibles, assure que le pays qui est sorti de la CEDEAO en 2000 au profit de l\u2019Union du Maghreb Arabe est \u00ab r\u00e9solument engag\u00e9, \u00e0 favoriser la cr\u00e9ation d\u2019un cadre efficace d\u2019\u00e9change et de partenariat avec la CEDEAO \u00bb.<\/p>\n<p style=\"text-align: left;\">Pour \u00e9tayer son propos, Mohamed Ould Abdel Aziz indique que le \u00ab pays s\u2019est pr\u00e9par\u00e9 \u00e0 cette perspective \u00e0 travers notamment la transformation de son \u00e9conomie nationale (\u2026), l\u2019am\u00e9lioration sensible de la production de l\u2019\u00e9nergie \u00bbentres autres r\u00e9formes.<\/p>\n<p style=\"text-align: left;\">\u2026la s\u00e9curit\u00e9\u2026<\/p>\n<p style=\"text-align: left;\">Toujours au cours de son allocution, le Pr\u00e9sident mauritanien a jou\u00e9 la carte de la s\u00e9curit\u00e9 et lutte contre l\u2019immigration irr\u00e9guli\u00e8re \u00bb pour amener l\u2019assistance \u00e0 acc\u00e9l\u00e9rer le retour de la Mauritanie au sein de la CEDEAO.<\/p>\n<p style=\"text-align: left;\">\u00ab Nos Etats se doivent d\u2019adopter une approche collective susceptible d\u2019apporter les r\u00e9ponses appropri\u00e9es, car il s\u2019agit de probl\u00e9matiques communes \u00e0 tous nos pays \u00bb, dira Ould Abdel Aziz.<\/p>\n<p style=\"text-align: left;\">Notons en outre, que pour le le num\u00e9ro 1 mauritanien, \u00ab cet accord ouvre des perspectives prometteuses en faveur de la prosp\u00e9rit\u00e9 de nos peuples et de l\u2019int\u00e9gration \u00e9conomique r\u00e9gionale \u00bb.<\/p>\n<p style=\"text-align: left;\">En effet, l\u2019accord sign\u00e9 le 9 ao\u00fbt 2017 \u00e0 Lom\u00e9 en marge du Forum Am\u00e9rique Afrique, permettra d\u2019intensifier les \u00e9changes entre la Mauritanie et les Etats membres de la CEDEAO. Le mal que se donnent les autorit\u00e9s mauritaniennes ne passe pas inaper\u00e7u, ils devront cependant patienter.<\/p>\n<p style=\"text-align: left;\">Soulignons par ailleurs que la validation du Maroc en tant que membre a \u00e9t\u00e9 repouss\u00e9e au prochain sommet. M\u00eame si ce n\u2019est pas un refus, l\u2019int\u00e9gration du Maroc \u00e0 la CEDEAO pose plusieurs questions. Selon les textes, explique RFI \u00ab la C\u00e9d\u00e9ao concerne la r\u00e9gion ouest-africaine.<\/p>\n<p style=\"text-align: left;\">C\u2019est \u00e0 dire une r\u00e9gion d\u00e9finie juridiquement par l\u2019espace g\u00e9ographique couvert aujourd\u2019hui par 16 pays, \u00e0 savoir les 15 membres de l\u2019organisation plus la Mauritanie\u00bb.<\/p>\n<p>&nbsp;<\/p>\n<p style=\"text-align: left;\">Nul doute que les tractations vont se poursuivre, pour le retour de la Mauritanie parmi les siens (pays de l\u2019Afrique de l\u2019Ouest) et l\u2019entr\u00e9e du g\u00e9ant marocain. Les semaines \u00e0 venir nous en diront certainement plus.<\/p>\n<p style=\"text-align: left;\">Source:Essahraa<\/p>\n","protected":false},"excerpt":{"rendered":"<p>Tedwinatrim-Journal: Le Pr\u00e9sident Mohamed Ould Abdel Aziz a une nouvelle fois plaid\u00e9 pour la finalisation de l\u2019accord d\u2019Association entre la Mauritanie et la Communaut\u00e9 Economique des Etats d\u2019Afrique de l\u2019Ouest (CEDEAO), ce samedi 16 d\u00e9cembre 2017 \u00e0 Abuja. Invit\u00e9 \u00e0 participer \u00e0 la 52e session des Chefs d\u2019Etats et de gouvernements de la CEDEAO, Ould &hellip;<\/p>\n","protected":false},"author":4,"featured_media":308,"comment_status":"open","ping_status":"open","sticky":false,"template":"","format":"standard","meta":{"footnotes":""},"categories":[60],"tags":[],"class_list":["post-307","post","type-post","status-publish","format-standard","has-post-thumbnail","hentry","category-journal"],"_links":{"self":[{"href":"https:\/\/tedwinatrim.com\/index.php?rest_route=\/wp\/v2\/posts\/307","targetHints":{"allow":["GET"]}}],"collection":[{"href":"https:\/\/tedwinatrim.com\/index.php?rest_route=\/wp\/v2\/posts"}],"about":[{"href":"https:\/\/tedwinatrim.com\/index.php?rest_route=\/wp\/v2\/types\/post"}],"author":[{"embeddable":true,"href":"https:\/\/tedwinatrim.com\/index.php?rest_route=\/wp\/v2\/users\/4"}],"replies":[{"embeddable":true,"href":"https:\/\/tedwinatrim.com\/index.php?rest_route=%2Fwp%2Fv2%2Fcomments&post=307"}],"version-history":[{"count":2,"href":"https:\/\/tedwinatrim.com\/index.php?rest_route=\/wp\/v2\/posts\/307\/revisions"}],"predecessor-version":[{"id":310,"href":"https:\/\/tedwinatrim.com\/index.php?rest_route=\/wp\/v2\/posts\/307\/revisions\/310"}],"wp:featuredmedia":[{"embeddable":true,"href":"https:\/\/tedwinatrim.com\/index.php?rest_route=\/wp\/v2\/media\/308"}],"wp:attachment":[{"href":"https:\/\/tedwinatrim.com\/index.php?rest_route=%2Fwp%2Fv2%2Fmedia&parent=307"}],"wp:term":[{"taxonomy":"category","embeddable":true,"href":"https:\/\/tedwinatrim.com\/index.php?rest_route=%2Fwp%2Fv2%2Fcategories&post=307"},{"taxonomy":"post_tag","embeddable":true,"href":"https:\/\/tedwinatrim.com\/index.php?rest_route=%2Fwp%2Fv2%2Ftags&post=307"}],"curies":[{"name":"wp","href":"https:\/\/api.w.org\/{rel}","templated":true}]}}